{"id":18002,"date":"2024-10-18T09:22:07","date_gmt":"2024-10-18T07:22:07","guid":{"rendered":"https:\/\/fcballkani.com\/?p=18002"},"modified":"2024-10-18T09:22:08","modified_gmt":"2024-10-18T07:22:08","slug":"ministri-i-kultures-z-hajrullah-ceku-ka-bere-me-dije-qe-qyteti-i-suharekes-po-behet-me-stadium-te-ri","status":"publish","type":"post","link":"https:\/\/fcballkani.com\/en\/ministri-i-kultures-z-hajrullah-ceku-ka-bere-me-dije-qe-qyteti-i-suharekes-po-behet-me-stadium-te-ri\/","title":{"rendered":"Ministri i Kultur\u00ebs, z.Hajrullah \u00c7eku ka b\u00ebr\u00eb me dije q\u00eb qyteti i Suharek\u00ebs po b\u00ebhet me stadium t\u00eb ri."},"content":{"rendered":"Ministri i Kultur\u00ebs, z.Hajrullah \u00c7eku ka b\u00ebr\u00eb me dije q\u00eb qyteti i Suharek\u00ebs po b\u00ebhet me stadium t\u00eb ri. P\u00ebr t&#8217;u b\u00ebr\u00eb i mundur nj\u00eb projekt i till\u00eb, Kuvendi Komunal i Suharek\u00ebs ka ndar\u00eb parcel\u00eb prej 13 hektar\u00ebve.<br \/><br \/>Ne si klub jemi t\u00eb lumtur q\u00eb m\u00eb n\u00eb fund edhe qyteti yn\u00eb, qyteti i kampion\u00ebve, po b\u00ebhet me nj\u00eb impiant t\u00eb dinjitetsh\u00ebm, gj\u00eb e cila e rrit edhe m\u00eb shum\u00eb d\u00ebshir\u00ebn e vullnetin p\u00ebr t\u00eb investuar n\u00eb futboll.<br \/><br \/>Aktualisht \u00ebsht\u00eb b\u00ebr\u00eb e ditur se koncepti ideor \u00ebsht\u00eb p\u00ebrzgjedhur se vitin e ardhsh\u00ebm nisin procedurat tjera. <br \/>Urojm\u00eb q\u00eb sa m\u00eb shpejt\u00eb t\u00eb b\u00ebhemi me k\u00ebt\u00eb stadium!\ud83e\udde1<br \/>#FCBallkani","protected":false},"excerpt":{"rendered":"<p>Ministri i Kultur\u00ebs, z.Hajrullah \u00c7eku ka b\u00ebr\u00eb me dije q\u00eb qyteti i Suharek\u00ebs po b\u00ebhet me stadium t\u00eb ri. P\u00ebr t&#8217;u b\u00ebr\u00eb i mundur nj\u00eb projekt i till\u00eb, Kuvendi Komunal i Suharek\u00ebs ka ndar\u00eb parcel\u00eb prej 13 hektar\u00ebve. Ne si klub jemi t\u00eb lumtur q\u00eb m\u00eb n\u00eb fund edhe qyteti yn\u00eb, qyteti i kampion\u00ebve, po [&hellip;]<\/p>\n","protected":false},"author":1,"featured_media":18007,"comment_status":"closed","ping_status":"closed","sticky":false,"template":"","format":"standard","meta":{"footnotes":""},"categories":[1],"tags":[],"class_list":["post-18002","post","type-post","status-publish","format-standard","has-post-thumbnail","hentry","category-uncategorized"],"yoast_head":"<!-- This site is optimized with the Yoast SEO plugin v27.2 - https:\/\/yoast.com\/product\/yoast-seo-wordpress\/ -->\n<title>Ministri i Kultur\u00ebs, z.Hajrullah \u00c7eku ka b\u00ebr\u00eb me dije q\u00eb qyteti i Suharek\u00ebs po b\u00ebhet me stadium t\u00eb ri. - FC BALLKANI<\/title>\n<meta name=\"robots\" content=\"index, follow, max-snippet:-1, max-image-preview:large, max-video-preview:-1\" \/>\n<link rel=\"canonical\" href=\"https:\/\/fcballkani.com\/en\/ministri-i-kultures-z-hajrullah-ceku-ka-bere-me-dije-qe-qyteti-i-suharekes-po-behet-me-stadium-te-ri\/\" \/>\n<meta property=\"og:locale\" content=\"en_US\" \/>\n<meta property=\"og:type\" content=\"article\" \/>\n<meta property=\"og:title\" content=\"Ministri i Kultur\u00ebs, z.Hajrullah \u00c7eku ka b\u00ebr\u00eb me dije q\u00eb qyteti i Suharek\u00ebs po b\u00ebhet me stadium t\u00eb ri. - FC BALLKANI\" \/>\n<meta property=\"og:description\" content=\"Ministri i Kultur\u00ebs, z.Hajrullah \u00c7eku ka b\u00ebr\u00eb me dije q\u00eb qyteti i Suharek\u00ebs po b\u00ebhet me stadium t\u00eb ri. P\u00ebr t&#8217;u b\u00ebr\u00eb i mundur nj\u00eb projekt i till\u00eb, Kuvendi Komunal i Suharek\u00ebs ka ndar\u00eb parcel\u00eb prej 13 hektar\u00ebve. Ne si klub jemi t\u00eb lumtur q\u00eb m\u00eb n\u00eb fund edhe qyteti yn\u00eb, qyteti i kampion\u00ebve, po [&hellip;]\" \/>\n<meta property=\"og:url\" content=\"https:\/\/fcballkani.com\/en\/ministri-i-kultures-z-hajrullah-ceku-ka-bere-me-dije-qe-qyteti-i-suharekes-po-behet-me-stadium-te-ri\/\" \/>\n<meta property=\"og:site_name\" content=\"FC BALLKANI\" \/>\n<meta property=\"article:publisher\" content=\"https:\/\/www.facebook.com\/fcballkani\" \/>\n<meta property=\"article:published_time\" content=\"2024-10-18T07:22:07+00:00\" \/>\n<meta property=\"article:modified_time\" content=\"2024-10-18T07:22:08+00:00\" \/>\n<meta property=\"og:image\" content=\"https:\/\/fcballkani.com\/wp-content\/uploads\/2024\/10\/463466641_18018736298618265_4253472379910617951_n.jpg\" \/>\n\t<meta property=\"og:image:width\" content=\"600\" \/>\n\t<meta property=\"og:image:height\" content=\"337\" \/>\n\t<meta property=\"og:image:type\" content=\"image\/jpeg\" \/>\n<meta name=\"author\" content=\"roitiv.backup\" \/>\n<meta name=\"twitter:card\" content=\"summary_large_image\" \/>\n<meta name=\"twitter:label1\" content=\"Written by\" \/>\n\t<meta name=\"twitter:data1\" content=\"roitiv.backup\" \/>\n\t<meta name=\"twitter:label2\" content=\"Est. reading time\" \/>\n\t<meta name=\"twitter:data2\" content=\"1 minute\" \/>\n<script type=\"application\/ld+json\" class=\"yoast-schema-graph\">{\"@context\":\"https:\/\/schema.org\",\"@graph\":[{\"@type\":\"Article\",\"@id\":\"https:\/\/fcballkani.com\/ministri-i-kultures-z-hajrullah-ceku-ka-bere-me-dije-qe-qyteti-i-suharekes-po-behet-me-stadium-te-ri\/#article\",\"isPartOf\":{\"@id\":\"https:\/\/fcballkani.com\/ministri-i-kultures-z-hajrullah-ceku-ka-bere-me-dije-qe-qyteti-i-suharekes-po-behet-me-stadium-te-ri\/\"},\"author\":{\"name\":\"roitiv.backup\",\"@id\":\"https:\/\/fcballkani.com\/#\/schema\/person\/ab46cb926beb281f25abea3d64db9474\"},\"headline\":\"Ministri i Kultur\u00ebs, z.Hajrullah \u00c7eku ka b\u00ebr\u00eb me dije q\u00eb qyteti i Suharek\u00ebs po b\u00ebhet me stadium t\u00eb ri.\",\"datePublished\":\"2024-10-18T07:22:07+00:00\",\"dateModified\":\"2024-10-18T07:22:08+00:00\",\"mainEntityOfPage\":{\"@id\":\"https:\/\/fcballkani.com\/ministri-i-kultures-z-hajrullah-ceku-ka-bere-me-dije-qe-qyteti-i-suharekes-po-behet-me-stadium-te-ri\/\"},\"wordCount\":149,\"publisher\":{\"@id\":\"https:\/\/fcballkani.com\/#organization\"},\"image\":{\"@id\":\"https:\/\/fcballkani.com\/ministri-i-kultures-z-hajrullah-ceku-ka-bere-me-dije-qe-qyteti-i-suharekes-po-behet-me-stadium-te-ri\/#primaryimage\"},\"thumbnailUrl\":\"https:\/\/fcballkani.com\/wp-content\/uploads\/2024\/10\/463466641_18018736298618265_4253472379910617951_n.jpg\",\"inLanguage\":\"en-US\"},{\"@type\":\"WebPage\",\"@id\":\"https:\/\/fcballkani.com\/ministri-i-kultures-z-hajrullah-ceku-ka-bere-me-dije-qe-qyteti-i-suharekes-po-behet-me-stadium-te-ri\/\",\"url\":\"https:\/\/fcballkani.com\/ministri-i-kultures-z-hajrullah-ceku-ka-bere-me-dije-qe-qyteti-i-suharekes-po-behet-me-stadium-te-ri\/\",\"name\":\"Ministri i Kultur\u00ebs, z.Hajrullah \u00c7eku ka b\u00ebr\u00eb me dije q\u00eb qyteti i Suharek\u00ebs po b\u00ebhet me stadium t\u00eb ri. - FC BALLKANI\",\"isPartOf\":{\"@id\":\"https:\/\/fcballkani.com\/#website\"},\"primaryImageOfPage\":{\"@id\":\"https:\/\/fcballkani.com\/ministri-i-kultures-z-hajrullah-ceku-ka-bere-me-dije-qe-qyteti-i-suharekes-po-behet-me-stadium-te-ri\/#primaryimage\"},\"image\":{\"@id\":\"https:\/\/fcballkani.com\/ministri-i-kultures-z-hajrullah-ceku-ka-bere-me-dije-qe-qyteti-i-suharekes-po-behet-me-stadium-te-ri\/#primaryimage\"},\"thumbnailUrl\":\"https:\/\/fcballkani.com\/wp-content\/uploads\/2024\/10\/463466641_18018736298618265_4253472379910617951_n.jpg\",\"datePublished\":\"2024-10-18T07:22:07+00:00\",\"dateModified\":\"2024-10-18T07:22:08+00:00\",\"breadcrumb\":{\"@id\":\"https:\/\/fcballkani.com\/ministri-i-kultures-z-hajrullah-ceku-ka-bere-me-dije-qe-qyteti-i-suharekes-po-behet-me-stadium-te-ri\/#breadcrumb\"},\"inLanguage\":\"en-US\",\"potentialAction\":[{\"@type\":\"ReadAction\",\"target\":[\"https:\/\/fcballkani.com\/ministri-i-kultures-z-hajrullah-ceku-ka-bere-me-dije-qe-qyteti-i-suharekes-po-behet-me-stadium-te-ri\/\"]}]},{\"@type\":\"ImageObject\",\"inLanguage\":\"en-US\",\"@id\":\"https:\/\/fcballkani.com\/ministri-i-kultures-z-hajrullah-ceku-ka-bere-me-dije-qe-qyteti-i-suharekes-po-behet-me-stadium-te-ri\/#primaryimage\",\"url\":\"https:\/\/fcballkani.com\/wp-content\/uploads\/2024\/10\/463466641_18018736298618265_4253472379910617951_n.jpg\",\"contentUrl\":\"https:\/\/fcballkani.com\/wp-content\/uploads\/2024\/10\/463466641_18018736298618265_4253472379910617951_n.jpg\",\"width\":600,\"height\":337},{\"@type\":\"BreadcrumbList\",\"@id\":\"https:\/\/fcballkani.com\/ministri-i-kultures-z-hajrullah-ceku-ka-bere-me-dije-qe-qyteti-i-suharekes-po-behet-me-stadium-te-ri\/#breadcrumb\",\"itemListElement\":[{\"@type\":\"ListItem\",\"position\":1,\"name\":\"Home\",\"item\":\"https:\/\/fcballkani.com\/\"},{\"@type\":\"ListItem\",\"position\":2,\"name\":\"Ministri i Kultur\u00ebs, z.Hajrullah \u00c7eku ka b\u00ebr\u00eb me dije q\u00eb qyteti i Suharek\u00ebs po b\u00ebhet me stadium t\u00eb ri.\"}]},{\"@type\":\"WebSite\",\"@id\":\"https:\/\/fcballkani.com\/#website\",\"url\":\"https:\/\/fcballkani.com\/\",\"name\":\"FC BALLKANI\",\"description\":\"Football Club\",\"publisher\":{\"@id\":\"https:\/\/fcballkani.com\/#organization\"},\"potentialAction\":[{\"@type\":\"SearchAction\",\"target\":{\"@type\":\"EntryPoint\",\"urlTemplate\":\"https:\/\/fcballkani.com\/?s={search_term_string}\"},\"query-input\":{\"@type\":\"PropertyValueSpecification\",\"valueRequired\":true,\"valueName\":\"search_term_string\"}}],\"inLanguage\":\"en-US\"},{\"@type\":\"Organization\",\"@id\":\"https:\/\/fcballkani.com\/#organization\",\"name\":\"FC Ballkani\",\"url\":\"https:\/\/fcballkani.com\/\",\"logo\":{\"@type\":\"ImageObject\",\"inLanguage\":\"en-US\",\"@id\":\"https:\/\/fcballkani.com\/#\/schema\/logo\/image\/\",\"url\":\"https:\/\/fcballkani.com\/wp-content\/uploads\/2022\/07\/fc-ballkani.png\",\"contentUrl\":\"https:\/\/fcballkani.com\/wp-content\/uploads\/2022\/07\/fc-ballkani.png\",\"width\":642,\"height\":642,\"caption\":\"FC Ballkani\"},\"image\":{\"@id\":\"https:\/\/fcballkani.com\/#\/schema\/logo\/image\/\"},\"sameAs\":[\"https:\/\/www.facebook.com\/fcballkani\"]},{\"@type\":\"Person\",\"@id\":\"https:\/\/fcballkani.com\/#\/schema\/person\/ab46cb926beb281f25abea3d64db9474\",\"name\":\"roitiv.backup\",\"image\":{\"@type\":\"ImageObject\",\"inLanguage\":\"en-US\",\"@id\":\"https:\/\/secure.gravatar.com\/avatar\/514059babf979a5fc9a6dfe80d5e2070fc9983ea2040ec553a914a6dca739e13?s=96&d=mm&r=g\",\"url\":\"https:\/\/secure.gravatar.com\/avatar\/514059babf979a5fc9a6dfe80d5e2070fc9983ea2040ec553a914a6dca739e13?s=96&d=mm&r=g\",\"contentUrl\":\"https:\/\/secure.gravatar.com\/avatar\/514059babf979a5fc9a6dfe80d5e2070fc9983ea2040ec553a914a6dca739e13?s=96&d=mm&r=g\",\"caption\":\"roitiv.backup\"},\"sameAs\":[\"https:\/\/fcballkani.com\"],\"url\":\"https:\/\/fcballkani.com\/en\/author\/roitiv-backup\/\"}]}<\/script>\n<!-- \/ Yoast SEO plugin. -->","yoast_head_json":{"title":"Ministri i Kultur\u00ebs, z.Hajrullah \u00c7eku ka b\u00ebr\u00eb me dije q\u00eb qyteti i Suharek\u00ebs po b\u00ebhet me stadium t\u00eb ri. - FC BALLKANI","robots":{"index":"index","follow":"follow","max-snippet":"max-snippet:-1","max-image-preview":"max-image-preview:large","max-video-preview":"max-video-preview:-1"},"canonical":"https:\/\/fcballkani.com\/en\/ministri-i-kultures-z-hajrullah-ceku-ka-bere-me-dije-qe-qyteti-i-suharekes-po-behet-me-stadium-te-ri\/","og_locale":"en_US","og_type":"article","og_title":"Ministri i Kultur\u00ebs, z.Hajrullah \u00c7eku ka b\u00ebr\u00eb me dije q\u00eb qyteti i Suharek\u00ebs po b\u00ebhet me stadium t\u00eb ri. - FC BALLKANI","og_description":"Ministri i Kultur\u00ebs, z.Hajrullah \u00c7eku ka b\u00ebr\u00eb me dije q\u00eb qyteti i Suharek\u00ebs po b\u00ebhet me stadium t\u00eb ri. P\u00ebr t&#8217;u b\u00ebr\u00eb i mundur nj\u00eb projekt i till\u00eb, Kuvendi Komunal i Suharek\u00ebs ka ndar\u00eb parcel\u00eb prej 13 hektar\u00ebve. Ne si klub jemi t\u00eb lumtur q\u00eb m\u00eb n\u00eb fund edhe qyteti yn\u00eb, qyteti i kampion\u00ebve, po [&hellip;]","og_url":"https:\/\/fcballkani.com\/en\/ministri-i-kultures-z-hajrullah-ceku-ka-bere-me-dije-qe-qyteti-i-suharekes-po-behet-me-stadium-te-ri\/","og_site_name":"FC BALLKANI","article_publisher":"https:\/\/www.facebook.com\/fcballkani","article_published_time":"2024-10-18T07:22:07+00:00","article_modified_time":"2024-10-18T07:22:08+00:00","og_image":[{"width":600,"height":337,"url":"https:\/\/fcballkani.com\/wp-content\/uploads\/2024\/10\/463466641_18018736298618265_4253472379910617951_n.jpg","type":"image\/jpeg"}],"author":"roitiv.backup","twitter_card":"summary_large_image","twitter_misc":{"Written by":"roitiv.backup","Est. reading time":"1 minute"},"schema":{"@context":"https:\/\/schema.org","@graph":[{"@type":"Article","@id":"https:\/\/fcballkani.com\/ministri-i-kultures-z-hajrullah-ceku-ka-bere-me-dije-qe-qyteti-i-suharekes-po-behet-me-stadium-te-ri\/#article","isPartOf":{"@id":"https:\/\/fcballkani.com\/ministri-i-kultures-z-hajrullah-ceku-ka-bere-me-dije-qe-qyteti-i-suharekes-po-behet-me-stadium-te-ri\/"},"author":{"name":"roitiv.backup","@id":"https:\/\/fcballkani.com\/#\/schema\/person\/ab46cb926beb281f25abea3d64db9474"},"headline":"Ministri i Kultur\u00ebs, z.Hajrullah \u00c7eku ka b\u00ebr\u00eb me dije q\u00eb qyteti i Suharek\u00ebs po b\u00ebhet me stadium t\u00eb ri.","datePublished":"2024-10-18T07:22:07+00:00","dateModified":"2024-10-18T07:22:08+00:00","mainEntityOfPage":{"@id":"https:\/\/fcballkani.com\/ministri-i-kultures-z-hajrullah-ceku-ka-bere-me-dije-qe-qyteti-i-suharekes-po-behet-me-stadium-te-ri\/"},"wordCount":149,"publisher":{"@id":"https:\/\/fcballkani.com\/#organization"},"image":{"@id":"https:\/\/fcballkani.com\/ministri-i-kultures-z-hajrullah-ceku-ka-bere-me-dije-qe-qyteti-i-suharekes-po-behet-me-stadium-te-ri\/#primaryimage"},"thumbnailUrl":"https:\/\/fcballkani.com\/wp-content\/uploads\/2024\/10\/463466641_18018736298618265_4253472379910617951_n.jpg","inLanguage":"en-US"},{"@type":"WebPage","@id":"https:\/\/fcballkani.com\/ministri-i-kultures-z-hajrullah-ceku-ka-bere-me-dije-qe-qyteti-i-suharekes-po-behet-me-stadium-te-ri\/","url":"https:\/\/fcballkani.com\/ministri-i-kultures-z-hajrullah-ceku-ka-bere-me-dije-qe-qyteti-i-suharekes-po-behet-me-stadium-te-ri\/","name":"Ministri i Kultur\u00ebs, z.Hajrullah \u00c7eku ka b\u00ebr\u00eb me dije q\u00eb qyteti i Suharek\u00ebs po b\u00ebhet me stadium t\u00eb ri. - FC BALLKANI","isPartOf":{"@id":"https:\/\/fcballkani.com\/#website"},"primaryImageOfPage":{"@id":"https:\/\/fcballkani.com\/ministri-i-kultures-z-hajrullah-ceku-ka-bere-me-dije-qe-qyteti-i-suharekes-po-behet-me-stadium-te-ri\/#primaryimage"},"image":{"@id":"https:\/\/fcballkani.com\/ministri-i-kultures-z-hajrullah-ceku-ka-bere-me-dije-qe-qyteti-i-suharekes-po-behet-me-stadium-te-ri\/#primaryimage"},"thumbnailUrl":"https:\/\/fcballkani.com\/wp-content\/uploads\/2024\/10\/463466641_18018736298618265_4253472379910617951_n.jpg","datePublished":"2024-10-18T07:22:07+00:00","dateModified":"2024-10-18T07:22:08+00:00","breadcrumb":{"@id":"https:\/\/fcballkani.com\/ministri-i-kultures-z-hajrullah-ceku-ka-bere-me-dije-qe-qyteti-i-suharekes-po-behet-me-stadium-te-ri\/#breadcrumb"},"inLanguage":"en-US","potentialAction":[{"@type":"ReadAction","target":["https:\/\/fcballkani.com\/ministri-i-kultures-z-hajrullah-ceku-ka-bere-me-dije-qe-qyteti-i-suharekes-po-behet-me-stadium-te-ri\/"]}]},{"@type":"ImageObject","inLanguage":"en-US","@id":"https:\/\/fcballkani.com\/ministri-i-kultures-z-hajrullah-ceku-ka-bere-me-dije-qe-qyteti-i-suharekes-po-behet-me-stadium-te-ri\/#primaryimage","url":"https:\/\/fcballkani.com\/wp-content\/uploads\/2024\/10\/463466641_18018736298618265_4253472379910617951_n.jpg","contentUrl":"https:\/\/fcballkani.com\/wp-content\/uploads\/2024\/10\/463466641_18018736298618265_4253472379910617951_n.jpg","width":600,"height":337},{"@type":"BreadcrumbList","@id":"https:\/\/fcballkani.com\/ministri-i-kultures-z-hajrullah-ceku-ka-bere-me-dije-qe-qyteti-i-suharekes-po-behet-me-stadium-te-ri\/#breadcrumb","itemListElement":[{"@type":"ListItem","position":1,"name":"Home","item":"https:\/\/fcballkani.com\/"},{"@type":"ListItem","position":2,"name":"Ministri i Kultur\u00ebs, z.Hajrullah \u00c7eku ka b\u00ebr\u00eb me dije q\u00eb qyteti i Suharek\u00ebs po b\u00ebhet me stadium t\u00eb ri."}]},{"@type":"WebSite","@id":"https:\/\/fcballkani.com\/#website","url":"https:\/\/fcballkani.com\/","name":"FC BALLKANI","description":"Football Club","publisher":{"@id":"https:\/\/fcballkani.com\/#organization"},"potentialAction":[{"@type":"SearchAction","target":{"@type":"EntryPoint","urlTemplate":"https:\/\/fcballkani.com\/?s={search_term_string}"},"query-input":{"@type":"PropertyValueSpecification","valueRequired":true,"valueName":"search_term_string"}}],"inLanguage":"en-US"},{"@type":"Organization","@id":"https:\/\/fcballkani.com\/#organization","name":"FC Ballkani","url":"https:\/\/fcballkani.com\/","logo":{"@type":"ImageObject","inLanguage":"en-US","@id":"https:\/\/fcballkani.com\/#\/schema\/logo\/image\/","url":"https:\/\/fcballkani.com\/wp-content\/uploads\/2022\/07\/fc-ballkani.png","contentUrl":"https:\/\/fcballkani.com\/wp-content\/uploads\/2022\/07\/fc-ballkani.png","width":642,"height":642,"caption":"FC Ballkani"},"image":{"@id":"https:\/\/fcballkani.com\/#\/schema\/logo\/image\/"},"sameAs":["https:\/\/www.facebook.com\/fcballkani"]},{"@type":"Person","@id":"https:\/\/fcballkani.com\/#\/schema\/person\/ab46cb926beb281f25abea3d64db9474","name":"roitiv.backup","image":{"@type":"ImageObject","inLanguage":"en-US","@id":"https:\/\/secure.gravatar.com\/avatar\/514059babf979a5fc9a6dfe80d5e2070fc9983ea2040ec553a914a6dca739e13?s=96&d=mm&r=g","url":"https:\/\/secure.gravatar.com\/avatar\/514059babf979a5fc9a6dfe80d5e2070fc9983ea2040ec553a914a6dca739e13?s=96&d=mm&r=g","contentUrl":"https:\/\/secure.gravatar.com\/avatar\/514059babf979a5fc9a6dfe80d5e2070fc9983ea2040ec553a914a6dca739e13?s=96&d=mm&r=g","caption":"roitiv.backup"},"sameAs":["https:\/\/fcballkani.com"],"url":"https:\/\/fcballkani.com\/en\/author\/roitiv-backup\/"}]}},"_links":{"self":[{"href":"https:\/\/fcballkani.com\/en\/wp-json\/wp\/v2\/posts\/18002","targetHints":{"allow":["GET"]}}],"collection":[{"href":"https:\/\/fcballkani.com\/en\/wp-json\/wp\/v2\/posts"}],"about":[{"href":"https:\/\/fcballkani.com\/en\/wp-json\/wp\/v2\/types\/post"}],"author":[{"embeddable":true,"href":"https:\/\/fcballkani.com\/en\/wp-json\/wp\/v2\/users\/1"}],"replies":[{"embeddable":true,"href":"https:\/\/fcballkani.com\/en\/wp-json\/wp\/v2\/comments?post=18002"}],"version-history":[{"count":1,"href":"https:\/\/fcballkani.com\/en\/wp-json\/wp\/v2\/posts\/18002\/revisions"}],"predecessor-version":[{"id":18003,"href":"https:\/\/fcballkani.com\/en\/wp-json\/wp\/v2\/posts\/18002\/revisions\/18003"}],"wp:featuredmedia":[{"embeddable":true,"href":"https:\/\/fcballkani.com\/en\/wp-json\/wp\/v2\/media\/18007"}],"wp:attachment":[{"href":"https:\/\/fcballkani.com\/en\/wp-json\/wp\/v2\/media?parent=18002"}],"wp:term":[{"taxonomy":"category","embeddable":true,"href":"https:\/\/fcballkani.com\/en\/wp-json\/wp\/v2\/categories?post=18002"},{"taxonomy":"post_tag","embeddable":true,"href":"https:\/\/fcballkani.com\/en\/wp-json\/wp\/v2\/tags?post=18002"}],"curies":[{"name":"wp","href":"https:\/\/api.w.org\/{rel}","templated":true}]}}