{"id":15232,"date":"2023-08-07T14:04:52","date_gmt":"2023-08-07T12:04:52","guid":{"rendered":"https:\/\/fcballkani.com\/?p=15232"},"modified":"2023-08-07T14:04:52","modified_gmt":"2023-08-07T12:04:52","slug":"te-dashur-tifoze-12","status":"publish","type":"post","link":"https:\/\/fcballkani.com\/en\/te-dashur-tifoze-12\/","title":{"rendered":"T\u00eb dashur tifoz\u00eb,"},"content":{"rendered":"\n<p>T\u00eb dashur tifoz\u00eb, <img decoding=\"async\" height=\"16\" width=\"16\" alt=\"\ud83e\udde1\" src=\"https:\/\/static.xx.fbcdn.net\/images\/emoji.php\/v9\/t56\/1.5\/16\/1f9e1.png\"><\/p>\n\n\n\n<p>Si\u00e7 e dini, sivjet nis edhe edicioni i garave i kampionatit t\u00eb shpresave, U-21.<\/p>\n\n\n\n<p>FC Ballkani \u00ebsht\u00eb duke u b\u00ebr\u00eb gati p\u00ebr k\u00ebt\u00eb sezon, me synime t\u00eb qarta edhe p\u00ebr k\u00ebt\u00eb gjenerat\u00eb, sikurse me t\u00eb gjitha t\u00eb tjerat.<\/p>\n\n\n\n<p>P\u00ebr <a><\/a>t\u2019i realizuar ato, drejtimin e djemve U-21, ia kemi besuar Edon Gashit, i cili nj\u00ebherit \u00ebsht\u00eb dhe do mbetet edhe ndihm\u00ebs i Ilir Daj\u00ebs te skuadra A.<\/p>\n\n\n\n<p>Si klub kampion, me objektiv ky\u00e7 mbrojtjen e titullit, p\u00ebr ne r\u00ebnd\u00ebsi t\u00eb jasht\u00ebzakonshme ka puna me t\u00eb rinj\u00ebt, p\u00ebr \u00e7ka me seriozitetin m\u00eb t\u00eb madh t\u00eb mundsh\u00ebm, do t\u00eb punojm\u00eb bashk\u00eb q\u00eb t\u00eb vazhdojm\u00eb t\u00eb nxjerrim talent\u00eb, t\u00eb cil\u00ebt do t\u2019i sh\u00ebrbejn\u00eb edhe ekipit t\u00eb par\u00eb, por edhe vet\u00eb futbollit shtet\u00ebror t\u00eb Kosov\u00ebs.<\/p>\n\n\n\n<p>Edonit, klubi i uron suksese n\u00eb arritjet e objektivave t\u00eb p\u00ebrbashk\u00ebta q\u00eb kemi.<\/p>\n\n\n\n<p>Na prift\u00eb e mbara!<\/p>\n\n\n\n<p><a href=\"https:\/\/www.facebook.com\/hashtag\/fcballkani?__eep__=6&amp;__cft__[0]=AZWiwQdPc4MF7IMWabfTW_mwIaW7mn9ch3J17p86HLS8UlY95NKj8ZwJWe-DBdbawhWkXTJWWRx4Qw0ulbif8T5gsc2t0O6kojUe1hQx9HeLHENmfjqXRL5KFI7_tIkdYbWOh-u39WpTKRuoCSDzsGzdvaOwGtXDhXrEA3t8U6xW4JRfzjHXgpJ7Sjju0ZK28G4&amp;__tn__=*NK-R\">#FCBallkani<\/a><\/p>\n\n\n\n<p><a href=\"https:\/\/www.facebook.com\/hashtag\/forcaballkani?__eep__=6&amp;__cft__[0]=AZWiwQdPc4MF7IMWabfTW_mwIaW7mn9ch3J17p86HLS8UlY95NKj8ZwJWe-DBdbawhWkXTJWWRx4Qw0ulbif8T5gsc2t0O6kojUe1hQx9HeLHENmfjqXRL5KFI7_tIkdYbWOh-u39WpTKRuoCSDzsGzdvaOwGtXDhXrEA3t8U6xW4JRfzjHXgpJ7Sjju0ZK28G4&amp;__tn__=*NK-R\">#ForcaBallkani<\/a><\/p>\n\n\n\n<p><a href=\"https:\/\/www.facebook.com\/hashtag\/u21?__eep__=6&amp;__cft__[0]=AZWiwQdPc4MF7IMWabfTW_mwIaW7mn9ch3J17p86HLS8UlY95NKj8ZwJWe-DBdbawhWkXTJWWRx4Qw0ulbif8T5gsc2t0O6kojUe1hQx9HeLHENmfjqXRL5KFI7_tIkdYbWOh-u39WpTKRuoCSDzsGzdvaOwGtXDhXrEA3t8U6xW4JRfzjHXgpJ7Sjju0ZK28G4&amp;__tn__=*NK-R\">#U21<\/a><\/p>\n","protected":false},"excerpt":{"rendered":"<p>T\u00eb dashur tifoz\u00eb, Si\u00e7 e dini, sivjet nis edhe edicioni i garave i kampionatit t\u00eb shpresave, U-21. FC Ballkani \u00ebsht\u00eb duke u b\u00ebr\u00eb gati p\u00ebr k\u00ebt\u00eb sezon, me synime t\u00eb qarta edhe p\u00ebr k\u00ebt\u00eb gjenerat\u00eb, sikurse me t\u00eb gjitha t\u00eb tjerat. P\u00ebr t\u2019i realizuar ato, drejtimin e djemve U-21, ia kemi besuar Edon Gashit, i [&hellip;]<\/p>\n","protected":false},"author":1,"featured_media":15233,"comment_status":"open","ping_status":"open","sticky":false,"template":"","format":"standard","meta":{"footnotes":""},"categories":[1],"tags":[],"class_list":["post-15232","post","type-post","status-publish","format-standard","has-post-thumbnail","hentry","category-uncategorized"],"yoast_head":"<!-- This site is optimized with the Yoast SEO plugin v27.2 - https:\/\/yoast.com\/product\/yoast-seo-wordpress\/ -->\n<title>T\u00eb dashur tifoz\u00eb, - FC BALLKANI<\/title>\n<meta name=\"robots\" content=\"index, follow, max-snippet:-1, max-image-preview:large, max-video-preview:-1\" \/>\n<link rel=\"canonical\" href=\"https:\/\/fcballkani.com\/en\/te-dashur-tifoze-12\/\" \/>\n<meta property=\"og:locale\" content=\"en_US\" \/>\n<meta property=\"og:type\" content=\"article\" \/>\n<meta property=\"og:title\" content=\"T\u00eb dashur tifoz\u00eb, - FC BALLKANI\" \/>\n<meta property=\"og:description\" content=\"T\u00eb dashur tifoz\u00eb, Si\u00e7 e dini, sivjet nis edhe edicioni i garave i kampionatit t\u00eb shpresave, U-21. FC Ballkani \u00ebsht\u00eb duke u b\u00ebr\u00eb gati p\u00ebr k\u00ebt\u00eb sezon, me synime t\u00eb qarta edhe p\u00ebr k\u00ebt\u00eb gjenerat\u00eb, sikurse me t\u00eb gjitha t\u00eb tjerat. P\u00ebr t\u2019i realizuar ato, drejtimin e djemve U-21, ia kemi besuar Edon Gashit, i [&hellip;]\" \/>\n<meta property=\"og:url\" content=\"https:\/\/fcballkani.com\/en\/te-dashur-tifoze-12\/\" \/>\n<meta property=\"og:site_name\" content=\"FC BALLKANI\" \/>\n<meta property=\"article:publisher\" content=\"https:\/\/www.facebook.com\/fcballkani\" \/>\n<meta property=\"article:published_time\" content=\"2023-08-07T12:04:52+00:00\" \/>\n<meta property=\"og:image\" content=\"https:\/\/fcballkani.com\/wp-content\/uploads\/2023\/08\/365623188_760528872746660_4206796337991061595_n.jpg\" \/>\n\t<meta property=\"og:image:width\" content=\"843\" \/>\n\t<meta property=\"og:image:height\" content=\"843\" \/>\n\t<meta property=\"og:image:type\" content=\"image\/jpeg\" \/>\n<meta name=\"author\" content=\"roitiv.backup\" \/>\n<meta name=\"twitter:card\" content=\"summary_large_image\" \/>\n<meta name=\"twitter:label1\" content=\"Written by\" \/>\n\t<meta name=\"twitter:data1\" content=\"roitiv.backup\" \/>\n\t<meta name=\"twitter:label2\" content=\"Est. reading time\" \/>\n\t<meta name=\"twitter:data2\" content=\"1 minute\" \/>\n<script type=\"application\/ld+json\" class=\"yoast-schema-graph\">{\"@context\":\"https:\/\/schema.org\",\"@graph\":[{\"@type\":\"Article\",\"@id\":\"https:\/\/fcballkani.com\/te-dashur-tifoze-12\/#article\",\"isPartOf\":{\"@id\":\"https:\/\/fcballkani.com\/te-dashur-tifoze-12\/\"},\"author\":{\"name\":\"roitiv.backup\",\"@id\":\"https:\/\/fcballkani.com\/#\/schema\/person\/ab46cb926beb281f25abea3d64db9474\"},\"headline\":\"T\u00eb dashur tifoz\u00eb,\",\"datePublished\":\"2023-08-07T12:04:52+00:00\",\"mainEntityOfPage\":{\"@id\":\"https:\/\/fcballkani.com\/te-dashur-tifoze-12\/\"},\"wordCount\":170,\"commentCount\":0,\"publisher\":{\"@id\":\"https:\/\/fcballkani.com\/#organization\"},\"image\":{\"@id\":\"https:\/\/fcballkani.com\/te-dashur-tifoze-12\/#primaryimage\"},\"thumbnailUrl\":\"https:\/\/fcballkani.com\/wp-content\/uploads\/2023\/08\/365623188_760528872746660_4206796337991061595_n.jpg\",\"inLanguage\":\"en-US\",\"potentialAction\":[{\"@type\":\"CommentAction\",\"name\":\"Comment\",\"target\":[\"https:\/\/fcballkani.com\/te-dashur-tifoze-12\/#respond\"]}]},{\"@type\":\"WebPage\",\"@id\":\"https:\/\/fcballkani.com\/te-dashur-tifoze-12\/\",\"url\":\"https:\/\/fcballkani.com\/te-dashur-tifoze-12\/\",\"name\":\"T\u00eb dashur tifoz\u00eb, - FC BALLKANI\",\"isPartOf\":{\"@id\":\"https:\/\/fcballkani.com\/#website\"},\"primaryImageOfPage\":{\"@id\":\"https:\/\/fcballkani.com\/te-dashur-tifoze-12\/#primaryimage\"},\"image\":{\"@id\":\"https:\/\/fcballkani.com\/te-dashur-tifoze-12\/#primaryimage\"},\"thumbnailUrl\":\"https:\/\/fcballkani.com\/wp-content\/uploads\/2023\/08\/365623188_760528872746660_4206796337991061595_n.jpg\",\"datePublished\":\"2023-08-07T12:04:52+00:00\",\"breadcrumb\":{\"@id\":\"https:\/\/fcballkani.com\/te-dashur-tifoze-12\/#breadcrumb\"},\"inLanguage\":\"en-US\",\"potentialAction\":[{\"@type\":\"ReadAction\",\"target\":[\"https:\/\/fcballkani.com\/te-dashur-tifoze-12\/\"]}]},{\"@type\":\"ImageObject\",\"inLanguage\":\"en-US\",\"@id\":\"https:\/\/fcballkani.com\/te-dashur-tifoze-12\/#primaryimage\",\"url\":\"https:\/\/fcballkani.com\/wp-content\/uploads\/2023\/08\/365623188_760528872746660_4206796337991061595_n.jpg\",\"contentUrl\":\"https:\/\/fcballkani.com\/wp-content\/uploads\/2023\/08\/365623188_760528872746660_4206796337991061595_n.jpg\",\"width\":843,\"height\":843},{\"@type\":\"BreadcrumbList\",\"@id\":\"https:\/\/fcballkani.com\/te-dashur-tifoze-12\/#breadcrumb\",\"itemListElement\":[{\"@type\":\"ListItem\",\"position\":1,\"name\":\"Home\",\"item\":\"https:\/\/fcballkani.com\/\"},{\"@type\":\"ListItem\",\"position\":2,\"name\":\"T\u00eb dashur tifoz\u00eb,\"}]},{\"@type\":\"WebSite\",\"@id\":\"https:\/\/fcballkani.com\/#website\",\"url\":\"https:\/\/fcballkani.com\/\",\"name\":\"FC BALLKANI\",\"description\":\"Football Club\",\"publisher\":{\"@id\":\"https:\/\/fcballkani.com\/#organization\"},\"potentialAction\":[{\"@type\":\"SearchAction\",\"target\":{\"@type\":\"EntryPoint\",\"urlTemplate\":\"https:\/\/fcballkani.com\/?s={search_term_string}\"},\"query-input\":{\"@type\":\"PropertyValueSpecification\",\"valueRequired\":true,\"valueName\":\"search_term_string\"}}],\"inLanguage\":\"en-US\"},{\"@type\":\"Organization\",\"@id\":\"https:\/\/fcballkani.com\/#organization\",\"name\":\"FC Ballkani\",\"url\":\"https:\/\/fcballkani.com\/\",\"logo\":{\"@type\":\"ImageObject\",\"inLanguage\":\"en-US\",\"@id\":\"https:\/\/fcballkani.com\/#\/schema\/logo\/image\/\",\"url\":\"https:\/\/fcballkani.com\/wp-content\/uploads\/2022\/07\/fc-ballkani.png\",\"contentUrl\":\"https:\/\/fcballkani.com\/wp-content\/uploads\/2022\/07\/fc-ballkani.png\",\"width\":642,\"height\":642,\"caption\":\"FC Ballkani\"},\"image\":{\"@id\":\"https:\/\/fcballkani.com\/#\/schema\/logo\/image\/\"},\"sameAs\":[\"https:\/\/www.facebook.com\/fcballkani\"]},{\"@type\":\"Person\",\"@id\":\"https:\/\/fcballkani.com\/#\/schema\/person\/ab46cb926beb281f25abea3d64db9474\",\"name\":\"roitiv.backup\",\"image\":{\"@type\":\"ImageObject\",\"inLanguage\":\"en-US\",\"@id\":\"https:\/\/secure.gravatar.com\/avatar\/514059babf979a5fc9a6dfe80d5e2070fc9983ea2040ec553a914a6dca739e13?s=96&d=mm&r=g\",\"url\":\"https:\/\/secure.gravatar.com\/avatar\/514059babf979a5fc9a6dfe80d5e2070fc9983ea2040ec553a914a6dca739e13?s=96&d=mm&r=g\",\"contentUrl\":\"https:\/\/secure.gravatar.com\/avatar\/514059babf979a5fc9a6dfe80d5e2070fc9983ea2040ec553a914a6dca739e13?s=96&d=mm&r=g\",\"caption\":\"roitiv.backup\"},\"sameAs\":[\"https:\/\/fcballkani.com\"],\"url\":\"https:\/\/fcballkani.com\/en\/author\/roitiv-backup\/\"}]}<\/script>\n<!-- \/ Yoast SEO plugin. -->","yoast_head_json":{"title":"T\u00eb dashur tifoz\u00eb, - FC BALLKANI","robots":{"index":"index","follow":"follow","max-snippet":"max-snippet:-1","max-image-preview":"max-image-preview:large","max-video-preview":"max-video-preview:-1"},"canonical":"https:\/\/fcballkani.com\/en\/te-dashur-tifoze-12\/","og_locale":"en_US","og_type":"article","og_title":"T\u00eb dashur tifoz\u00eb, - FC BALLKANI","og_description":"T\u00eb dashur tifoz\u00eb, Si\u00e7 e dini, sivjet nis edhe edicioni i garave i kampionatit t\u00eb shpresave, U-21. FC Ballkani \u00ebsht\u00eb duke u b\u00ebr\u00eb gati p\u00ebr k\u00ebt\u00eb sezon, me synime t\u00eb qarta edhe p\u00ebr k\u00ebt\u00eb gjenerat\u00eb, sikurse me t\u00eb gjitha t\u00eb tjerat. P\u00ebr t\u2019i realizuar ato, drejtimin e djemve U-21, ia kemi besuar Edon Gashit, i [&hellip;]","og_url":"https:\/\/fcballkani.com\/en\/te-dashur-tifoze-12\/","og_site_name":"FC BALLKANI","article_publisher":"https:\/\/www.facebook.com\/fcballkani","article_published_time":"2023-08-07T12:04:52+00:00","og_image":[{"width":843,"height":843,"url":"https:\/\/fcballkani.com\/wp-content\/uploads\/2023\/08\/365623188_760528872746660_4206796337991061595_n.jpg","type":"image\/jpeg"}],"author":"roitiv.backup","twitter_card":"summary_large_image","twitter_misc":{"Written by":"roitiv.backup","Est. reading time":"1 minute"},"schema":{"@context":"https:\/\/schema.org","@graph":[{"@type":"Article","@id":"https:\/\/fcballkani.com\/te-dashur-tifoze-12\/#article","isPartOf":{"@id":"https:\/\/fcballkani.com\/te-dashur-tifoze-12\/"},"author":{"name":"roitiv.backup","@id":"https:\/\/fcballkani.com\/#\/schema\/person\/ab46cb926beb281f25abea3d64db9474"},"headline":"T\u00eb dashur tifoz\u00eb,","datePublished":"2023-08-07T12:04:52+00:00","mainEntityOfPage":{"@id":"https:\/\/fcballkani.com\/te-dashur-tifoze-12\/"},"wordCount":170,"commentCount":0,"publisher":{"@id":"https:\/\/fcballkani.com\/#organization"},"image":{"@id":"https:\/\/fcballkani.com\/te-dashur-tifoze-12\/#primaryimage"},"thumbnailUrl":"https:\/\/fcballkani.com\/wp-content\/uploads\/2023\/08\/365623188_760528872746660_4206796337991061595_n.jpg","inLanguage":"en-US","potentialAction":[{"@type":"CommentAction","name":"Comment","target":["https:\/\/fcballkani.com\/te-dashur-tifoze-12\/#respond"]}]},{"@type":"WebPage","@id":"https:\/\/fcballkani.com\/te-dashur-tifoze-12\/","url":"https:\/\/fcballkani.com\/te-dashur-tifoze-12\/","name":"T\u00eb dashur tifoz\u00eb, - FC BALLKANI","isPartOf":{"@id":"https:\/\/fcballkani.com\/#website"},"primaryImageOfPage":{"@id":"https:\/\/fcballkani.com\/te-dashur-tifoze-12\/#primaryimage"},"image":{"@id":"https:\/\/fcballkani.com\/te-dashur-tifoze-12\/#primaryimage"},"thumbnailUrl":"https:\/\/fcballkani.com\/wp-content\/uploads\/2023\/08\/365623188_760528872746660_4206796337991061595_n.jpg","datePublished":"2023-08-07T12:04:52+00:00","breadcrumb":{"@id":"https:\/\/fcballkani.com\/te-dashur-tifoze-12\/#breadcrumb"},"inLanguage":"en-US","potentialAction":[{"@type":"ReadAction","target":["https:\/\/fcballkani.com\/te-dashur-tifoze-12\/"]}]},{"@type":"ImageObject","inLanguage":"en-US","@id":"https:\/\/fcballkani.com\/te-dashur-tifoze-12\/#primaryimage","url":"https:\/\/fcballkani.com\/wp-content\/uploads\/2023\/08\/365623188_760528872746660_4206796337991061595_n.jpg","contentUrl":"https:\/\/fcballkani.com\/wp-content\/uploads\/2023\/08\/365623188_760528872746660_4206796337991061595_n.jpg","width":843,"height":843},{"@type":"BreadcrumbList","@id":"https:\/\/fcballkani.com\/te-dashur-tifoze-12\/#breadcrumb","itemListElement":[{"@type":"ListItem","position":1,"name":"Home","item":"https:\/\/fcballkani.com\/"},{"@type":"ListItem","position":2,"name":"T\u00eb dashur tifoz\u00eb,"}]},{"@type":"WebSite","@id":"https:\/\/fcballkani.com\/#website","url":"https:\/\/fcballkani.com\/","name":"FC BALLKANI","description":"Football Club","publisher":{"@id":"https:\/\/fcballkani.com\/#organization"},"potentialAction":[{"@type":"SearchAction","target":{"@type":"EntryPoint","urlTemplate":"https:\/\/fcballkani.com\/?s={search_term_string}"},"query-input":{"@type":"PropertyValueSpecification","valueRequired":true,"valueName":"search_term_string"}}],"inLanguage":"en-US"},{"@type":"Organization","@id":"https:\/\/fcballkani.com\/#organization","name":"FC Ballkani","url":"https:\/\/fcballkani.com\/","logo":{"@type":"ImageObject","inLanguage":"en-US","@id":"https:\/\/fcballkani.com\/#\/schema\/logo\/image\/","url":"https:\/\/fcballkani.com\/wp-content\/uploads\/2022\/07\/fc-ballkani.png","contentUrl":"https:\/\/fcballkani.com\/wp-content\/uploads\/2022\/07\/fc-ballkani.png","width":642,"height":642,"caption":"FC Ballkani"},"image":{"@id":"https:\/\/fcballkani.com\/#\/schema\/logo\/image\/"},"sameAs":["https:\/\/www.facebook.com\/fcballkani"]},{"@type":"Person","@id":"https:\/\/fcballkani.com\/#\/schema\/person\/ab46cb926beb281f25abea3d64db9474","name":"roitiv.backup","image":{"@type":"ImageObject","inLanguage":"en-US","@id":"https:\/\/secure.gravatar.com\/avatar\/514059babf979a5fc9a6dfe80d5e2070fc9983ea2040ec553a914a6dca739e13?s=96&d=mm&r=g","url":"https:\/\/secure.gravatar.com\/avatar\/514059babf979a5fc9a6dfe80d5e2070fc9983ea2040ec553a914a6dca739e13?s=96&d=mm&r=g","contentUrl":"https:\/\/secure.gravatar.com\/avatar\/514059babf979a5fc9a6dfe80d5e2070fc9983ea2040ec553a914a6dca739e13?s=96&d=mm&r=g","caption":"roitiv.backup"},"sameAs":["https:\/\/fcballkani.com"],"url":"https:\/\/fcballkani.com\/en\/author\/roitiv-backup\/"}]}},"_links":{"self":[{"href":"https:\/\/fcballkani.com\/en\/wp-json\/wp\/v2\/posts\/15232","targetHints":{"allow":["GET"]}}],"collection":[{"href":"https:\/\/fcballkani.com\/en\/wp-json\/wp\/v2\/posts"}],"about":[{"href":"https:\/\/fcballkani.com\/en\/wp-json\/wp\/v2\/types\/post"}],"author":[{"embeddable":true,"href":"https:\/\/fcballkani.com\/en\/wp-json\/wp\/v2\/users\/1"}],"replies":[{"embeddable":true,"href":"https:\/\/fcballkani.com\/en\/wp-json\/wp\/v2\/comments?post=15232"}],"version-history":[{"count":1,"href":"https:\/\/fcballkani.com\/en\/wp-json\/wp\/v2\/posts\/15232\/revisions"}],"predecessor-version":[{"id":15234,"href":"https:\/\/fcballkani.com\/en\/wp-json\/wp\/v2\/posts\/15232\/revisions\/15234"}],"wp:featuredmedia":[{"embeddable":true,"href":"https:\/\/fcballkani.com\/en\/wp-json\/wp\/v2\/media\/15233"}],"wp:attachment":[{"href":"https:\/\/fcballkani.com\/en\/wp-json\/wp\/v2\/media?parent=15232"}],"wp:term":[{"taxonomy":"category","embeddable":true,"href":"https:\/\/fcballkani.com\/en\/wp-json\/wp\/v2\/categories?post=15232"},{"taxonomy":"post_tag","embeddable":true,"href":"https:\/\/fcballkani.com\/en\/wp-json\/wp\/v2\/tags?post=15232"}],"curies":[{"name":"wp","href":"https:\/\/api.w.org\/{rel}","templated":true}]}}