{"id":15229,"date":"2023-08-07T14:04:28","date_gmt":"2023-08-07T12:04:28","guid":{"rendered":"https:\/\/fcballkani.com\/?p=15229"},"modified":"2023-08-07T14:04:28","modified_gmt":"2023-08-07T12:04:28","slug":"faleminderit-albionrrahmani9","status":"publish","type":"post","link":"https:\/\/fcballkani.com\/en\/faleminderit-albionrrahmani9\/","title":{"rendered":"Faleminderit @albionrrahmani9"},"content":{"rendered":"\n<p>Faleminderit @albionrrahmani9 <img decoding=\"async\" height=\"16\" width=\"16\" alt=\"\ud83d\udfe0\" src=\"https:\/\/static.xx.fbcdn.net\/images\/emoji.php\/v9\/t53\/1.5\/16\/1f7e0.png\"><\/p>\n\n\n\n<p>Lamtumirat jan\u00eb sa t\u00eb dhimbshme, aq edhe t\u00eb hidhura. Andaj sot ty kampioni yn\u00eb, foleja jote e p\u00ebrhershme, t\u00eb thot\u00eb thjesht\u00eb MIRUPAFSHIM!<\/p>\n\n\n\n<p>\u00c7do gol q\u00eb ke sh\u00ebnuar, do t\u00eb mbetet n\u00eb zemrat e secilit tifoz t\u00eb FC Ballkanit, n\u00eb zemrat e secilit prej nesh. \u00c7do minut q\u00eb ke djersitur me vet\u00ebmohim fanell\u00ebn e klubit, do t\u00eb ruhet n\u00eb kujtes\u00ebn e pa shlyeshme, sepse kontributi yt ishte vler\u00eb e madhe p\u00ebr rrug\u00ebtimin ton\u00eb t\u00eb p\u00ebrbashk\u00ebt.<\/p>\n\n\n\n<p><a><\/a>Ndarjet jan\u00eb t\u00eb v\u00ebshtira, por kur ato b\u00ebhen p\u00ebr t\u00eb nisur nj\u00eb rrug\u00eb t\u00eb re, me perspektiv\u00eb p\u00ebr t\u00eb ardhm\u00ebn e nj\u00eb futbollisti t\u00eb k\u00ebtij vendi, t\u00eb gjith\u00eb b\u00ebhemi bashk\u00eb, n\u00eb p\u00ebrkrahje t\u00eb mund\u00ebsive t\u00eb reja t\u00eb kampion\u00ebve tan\u00eb.<\/p>\n\n\n\n<p>Faleminderit p\u00ebr angazhimin shembull n\u00eb \u00e7do ndeshje e n\u00eb \u00e7do rrethan\u00eb. Ti nuk e ke kursyer vet\u00ebn asnj\u00eb \u00e7ast, madje as at\u00ebher\u00eb kur ke ndjer\u00eb dhimbje n\u00eb trupin t\u00ebnd, ti ishe gjithmon\u00eb i gatsh\u00ebm p\u00ebr t&#8217;i ndihmuar shok\u00ebve t\u00eb skuadr\u00ebs, n\u00eb synimet drejt sukseseve tona, duke nderuar vet\u00ebn, klubin dhe qytetin ton\u00eb.<\/p>\n\n\n\n<p>Ne jemi t\u00eb bindur q\u00eb karrier\u00eb e pasur t\u00eb pret para, andaj t\u00eb d\u00ebshirojm\u00eb sukseset m\u00eb t\u00eb m\u00ebdha t\u00eb mundshme, kurse der\u00ebn e familjes s\u00eb madhe t\u00eb FC Ballkanit, do ta kesh t\u00eb hapur p\u00ebrjet\u00ebsisht.<\/p>\n\n\n\n<p>Mirupafshim Albion Rrahmani, ti o kampion i Republik\u00ebs <img decoding=\"async\" height=\"16\" width=\"16\" alt=\"\ud83d\udcaa\" src=\"https:\/\/static.xx.fbcdn.net\/images\/emoji.php\/v9\/tc5\/1.5\/16\/1f4aa.png\"><img decoding=\"async\" height=\"16\" width=\"16\" alt=\"\ud83e\udde1\" src=\"https:\/\/static.xx.fbcdn.net\/images\/emoji.php\/v9\/t56\/1.5\/16\/1f9e1.png\"><img loading=\"lazy\" decoding=\"async\" height=\"16\" width=\"16\" alt=\"\ud83d\udda4\" src=\"https:\/\/static.xx.fbcdn.net\/images\/emoji.php\/v9\/t59\/1.5\/16\/1f5a4.png\"><\/p>\n\n\n\n<p><a href=\"https:\/\/www.facebook.com\/hashtag\/fcballkani?__eep__=6&amp;__cft__[0]=AZVY-eC1saMsnMpo4nfalFIlrmS4UjZ7MKpIoRoki4S-UcaVRwUW40DtHfVzn7TP28OkhHu-q03yWWTFO9lQK9AFUZgrWy3qEiX-GoK2_1s-XfXM7yJCt9D3-Z67dxefG2cQ3IvXh8eNDZ7BaE_jCqWtlGmyRtdOExotSf6fFF2j8xmGR85yXdJssxgO_HYoAkw&amp;__tn__=*NK-R\">#FCBallkani<\/a><\/p>\n\n\n\n<p><a href=\"https:\/\/www.facebook.com\/hashtag\/albionrrahmani?__eep__=6&amp;__cft__[0]=AZVY-eC1saMsnMpo4nfalFIlrmS4UjZ7MKpIoRoki4S-UcaVRwUW40DtHfVzn7TP28OkhHu-q03yWWTFO9lQK9AFUZgrWy3qEiX-GoK2_1s-XfXM7yJCt9D3-Z67dxefG2cQ3IvXh8eNDZ7BaE_jCqWtlGmyRtdOExotSf6fFF2j8xmGR85yXdJssxgO_HYoAkw&amp;__tn__=*NK-R\">#AlbionRrahmani<\/a><\/p>\n","protected":false},"excerpt":{"rendered":"<p>Faleminderit @albionrrahmani9 Lamtumirat jan\u00eb sa t\u00eb dhimbshme, aq edhe t\u00eb hidhura. Andaj sot ty kampioni yn\u00eb, foleja jote e p\u00ebrhershme, t\u00eb thot\u00eb thjesht\u00eb MIRUPAFSHIM! \u00c7do gol q\u00eb ke sh\u00ebnuar, do t\u00eb mbetet n\u00eb zemrat e secilit tifoz t\u00eb FC Ballkanit, n\u00eb zemrat e secilit prej nesh. \u00c7do minut q\u00eb ke djersitur me vet\u00ebmohim fanell\u00ebn e [&hellip;]<\/p>\n","protected":false},"author":1,"featured_media":15230,"comment_status":"open","ping_status":"open","sticky":false,"template":"","format":"standard","meta":{"footnotes":""},"categories":[1],"tags":[],"class_list":["post-15229","post","type-post","status-publish","format-standard","has-post-thumbnail","hentry","category-uncategorized"],"yoast_head":"<!-- This site is optimized with the Yoast SEO plugin v27.2 - https:\/\/yoast.com\/product\/yoast-seo-wordpress\/ -->\n<title>Faleminderit @albionrrahmani9 - FC BALLKANI<\/title>\n<meta name=\"robots\" content=\"index, follow, max-snippet:-1, max-image-preview:large, max-video-preview:-1\" \/>\n<link rel=\"canonical\" href=\"https:\/\/fcballkani.com\/en\/faleminderit-albionrrahmani9\/\" \/>\n<meta property=\"og:locale\" content=\"en_US\" \/>\n<meta property=\"og:type\" content=\"article\" \/>\n<meta property=\"og:title\" content=\"Faleminderit @albionrrahmani9 - FC BALLKANI\" \/>\n<meta property=\"og:description\" content=\"Faleminderit @albionrrahmani9 Lamtumirat jan\u00eb sa t\u00eb dhimbshme, aq edhe t\u00eb hidhura. Andaj sot ty kampioni yn\u00eb, foleja jote e p\u00ebrhershme, t\u00eb thot\u00eb thjesht\u00eb MIRUPAFSHIM! \u00c7do gol q\u00eb ke sh\u00ebnuar, do t\u00eb mbetet n\u00eb zemrat e secilit tifoz t\u00eb FC Ballkanit, n\u00eb zemrat e secilit prej nesh. \u00c7do minut q\u00eb ke djersitur me vet\u00ebmohim fanell\u00ebn e [&hellip;]\" \/>\n<meta property=\"og:url\" content=\"https:\/\/fcballkani.com\/en\/faleminderit-albionrrahmani9\/\" \/>\n<meta property=\"og:site_name\" content=\"FC BALLKANI\" \/>\n<meta property=\"article:publisher\" content=\"https:\/\/www.facebook.com\/fcballkani\" \/>\n<meta property=\"article:published_time\" content=\"2023-08-07T12:04:28+00:00\" \/>\n<meta property=\"og:image\" content=\"https:\/\/fcballkani.com\/wp-content\/uploads\/2023\/08\/365618547_760173412782206_5406350464381618242_n.jpg\" \/>\n\t<meta property=\"og:image:width\" content=\"843\" \/>\n\t<meta property=\"og:image:height\" content=\"843\" \/>\n\t<meta property=\"og:image:type\" content=\"image\/jpeg\" \/>\n<meta name=\"author\" content=\"roitiv.backup\" \/>\n<meta name=\"twitter:card\" content=\"summary_large_image\" \/>\n<meta name=\"twitter:label1\" content=\"Written by\" \/>\n\t<meta name=\"twitter:data1\" content=\"roitiv.backup\" \/>\n\t<meta name=\"twitter:label2\" content=\"Est. reading time\" \/>\n\t<meta name=\"twitter:data2\" content=\"1 minute\" \/>\n<script type=\"application\/ld+json\" class=\"yoast-schema-graph\">{\"@context\":\"https:\/\/schema.org\",\"@graph\":[{\"@type\":\"Article\",\"@id\":\"https:\/\/fcballkani.com\/faleminderit-albionrrahmani9\/#article\",\"isPartOf\":{\"@id\":\"https:\/\/fcballkani.com\/faleminderit-albionrrahmani9\/\"},\"author\":{\"name\":\"roitiv.backup\",\"@id\":\"https:\/\/fcballkani.com\/#\/schema\/person\/ab46cb926beb281f25abea3d64db9474\"},\"headline\":\"Faleminderit @albionrrahmani9\",\"datePublished\":\"2023-08-07T12:04:28+00:00\",\"mainEntityOfPage\":{\"@id\":\"https:\/\/fcballkani.com\/faleminderit-albionrrahmani9\/\"},\"wordCount\":249,\"commentCount\":0,\"publisher\":{\"@id\":\"https:\/\/fcballkani.com\/#organization\"},\"image\":{\"@id\":\"https:\/\/fcballkani.com\/faleminderit-albionrrahmani9\/#primaryimage\"},\"thumbnailUrl\":\"https:\/\/fcballkani.com\/wp-content\/uploads\/2023\/08\/365618547_760173412782206_5406350464381618242_n.jpg\",\"inLanguage\":\"en-US\",\"potentialAction\":[{\"@type\":\"CommentAction\",\"name\":\"Comment\",\"target\":[\"https:\/\/fcballkani.com\/faleminderit-albionrrahmani9\/#respond\"]}]},{\"@type\":\"WebPage\",\"@id\":\"https:\/\/fcballkani.com\/faleminderit-albionrrahmani9\/\",\"url\":\"https:\/\/fcballkani.com\/faleminderit-albionrrahmani9\/\",\"name\":\"Faleminderit @albionrrahmani9 - FC BALLKANI\",\"isPartOf\":{\"@id\":\"https:\/\/fcballkani.com\/#website\"},\"primaryImageOfPage\":{\"@id\":\"https:\/\/fcballkani.com\/faleminderit-albionrrahmani9\/#primaryimage\"},\"image\":{\"@id\":\"https:\/\/fcballkani.com\/faleminderit-albionrrahmani9\/#primaryimage\"},\"thumbnailUrl\":\"https:\/\/fcballkani.com\/wp-content\/uploads\/2023\/08\/365618547_760173412782206_5406350464381618242_n.jpg\",\"datePublished\":\"2023-08-07T12:04:28+00:00\",\"breadcrumb\":{\"@id\":\"https:\/\/fcballkani.com\/faleminderit-albionrrahmani9\/#breadcrumb\"},\"inLanguage\":\"en-US\",\"potentialAction\":[{\"@type\":\"ReadAction\",\"target\":[\"https:\/\/fcballkani.com\/faleminderit-albionrrahmani9\/\"]}]},{\"@type\":\"ImageObject\",\"inLanguage\":\"en-US\",\"@id\":\"https:\/\/fcballkani.com\/faleminderit-albionrrahmani9\/#primaryimage\",\"url\":\"https:\/\/fcballkani.com\/wp-content\/uploads\/2023\/08\/365618547_760173412782206_5406350464381618242_n.jpg\",\"contentUrl\":\"https:\/\/fcballkani.com\/wp-content\/uploads\/2023\/08\/365618547_760173412782206_5406350464381618242_n.jpg\",\"width\":843,\"height\":843},{\"@type\":\"BreadcrumbList\",\"@id\":\"https:\/\/fcballkani.com\/faleminderit-albionrrahmani9\/#breadcrumb\",\"itemListElement\":[{\"@type\":\"ListItem\",\"position\":1,\"name\":\"Home\",\"item\":\"https:\/\/fcballkani.com\/\"},{\"@type\":\"ListItem\",\"position\":2,\"name\":\"Faleminderit @albionrrahmani9\"}]},{\"@type\":\"WebSite\",\"@id\":\"https:\/\/fcballkani.com\/#website\",\"url\":\"https:\/\/fcballkani.com\/\",\"name\":\"FC BALLKANI\",\"description\":\"Football Club\",\"publisher\":{\"@id\":\"https:\/\/fcballkani.com\/#organization\"},\"potentialAction\":[{\"@type\":\"SearchAction\",\"target\":{\"@type\":\"EntryPoint\",\"urlTemplate\":\"https:\/\/fcballkani.com\/?s={search_term_string}\"},\"query-input\":{\"@type\":\"PropertyValueSpecification\",\"valueRequired\":true,\"valueName\":\"search_term_string\"}}],\"inLanguage\":\"en-US\"},{\"@type\":\"Organization\",\"@id\":\"https:\/\/fcballkani.com\/#organization\",\"name\":\"FC Ballkani\",\"url\":\"https:\/\/fcballkani.com\/\",\"logo\":{\"@type\":\"ImageObject\",\"inLanguage\":\"en-US\",\"@id\":\"https:\/\/fcballkani.com\/#\/schema\/logo\/image\/\",\"url\":\"https:\/\/fcballkani.com\/wp-content\/uploads\/2022\/07\/fc-ballkani.png\",\"contentUrl\":\"https:\/\/fcballkani.com\/wp-content\/uploads\/2022\/07\/fc-ballkani.png\",\"width\":642,\"height\":642,\"caption\":\"FC Ballkani\"},\"image\":{\"@id\":\"https:\/\/fcballkani.com\/#\/schema\/logo\/image\/\"},\"sameAs\":[\"https:\/\/www.facebook.com\/fcballkani\"]},{\"@type\":\"Person\",\"@id\":\"https:\/\/fcballkani.com\/#\/schema\/person\/ab46cb926beb281f25abea3d64db9474\",\"name\":\"roitiv.backup\",\"image\":{\"@type\":\"ImageObject\",\"inLanguage\":\"en-US\",\"@id\":\"https:\/\/secure.gravatar.com\/avatar\/514059babf979a5fc9a6dfe80d5e2070fc9983ea2040ec553a914a6dca739e13?s=96&d=mm&r=g\",\"url\":\"https:\/\/secure.gravatar.com\/avatar\/514059babf979a5fc9a6dfe80d5e2070fc9983ea2040ec553a914a6dca739e13?s=96&d=mm&r=g\",\"contentUrl\":\"https:\/\/secure.gravatar.com\/avatar\/514059babf979a5fc9a6dfe80d5e2070fc9983ea2040ec553a914a6dca739e13?s=96&d=mm&r=g\",\"caption\":\"roitiv.backup\"},\"sameAs\":[\"https:\/\/fcballkani.com\"],\"url\":\"https:\/\/fcballkani.com\/en\/author\/roitiv-backup\/\"}]}<\/script>\n<!-- \/ Yoast SEO plugin. -->","yoast_head_json":{"title":"Faleminderit @albionrrahmani9 - FC BALLKANI","robots":{"index":"index","follow":"follow","max-snippet":"max-snippet:-1","max-image-preview":"max-image-preview:large","max-video-preview":"max-video-preview:-1"},"canonical":"https:\/\/fcballkani.com\/en\/faleminderit-albionrrahmani9\/","og_locale":"en_US","og_type":"article","og_title":"Faleminderit @albionrrahmani9 - FC BALLKANI","og_description":"Faleminderit @albionrrahmani9 Lamtumirat jan\u00eb sa t\u00eb dhimbshme, aq edhe t\u00eb hidhura. Andaj sot ty kampioni yn\u00eb, foleja jote e p\u00ebrhershme, t\u00eb thot\u00eb thjesht\u00eb MIRUPAFSHIM! \u00c7do gol q\u00eb ke sh\u00ebnuar, do t\u00eb mbetet n\u00eb zemrat e secilit tifoz t\u00eb FC Ballkanit, n\u00eb zemrat e secilit prej nesh. \u00c7do minut q\u00eb ke djersitur me vet\u00ebmohim fanell\u00ebn e [&hellip;]","og_url":"https:\/\/fcballkani.com\/en\/faleminderit-albionrrahmani9\/","og_site_name":"FC BALLKANI","article_publisher":"https:\/\/www.facebook.com\/fcballkani","article_published_time":"2023-08-07T12:04:28+00:00","og_image":[{"width":843,"height":843,"url":"https:\/\/fcballkani.com\/wp-content\/uploads\/2023\/08\/365618547_760173412782206_5406350464381618242_n.jpg","type":"image\/jpeg"}],"author":"roitiv.backup","twitter_card":"summary_large_image","twitter_misc":{"Written by":"roitiv.backup","Est. reading time":"1 minute"},"schema":{"@context":"https:\/\/schema.org","@graph":[{"@type":"Article","@id":"https:\/\/fcballkani.com\/faleminderit-albionrrahmani9\/#article","isPartOf":{"@id":"https:\/\/fcballkani.com\/faleminderit-albionrrahmani9\/"},"author":{"name":"roitiv.backup","@id":"https:\/\/fcballkani.com\/#\/schema\/person\/ab46cb926beb281f25abea3d64db9474"},"headline":"Faleminderit @albionrrahmani9","datePublished":"2023-08-07T12:04:28+00:00","mainEntityOfPage":{"@id":"https:\/\/fcballkani.com\/faleminderit-albionrrahmani9\/"},"wordCount":249,"commentCount":0,"publisher":{"@id":"https:\/\/fcballkani.com\/#organization"},"image":{"@id":"https:\/\/fcballkani.com\/faleminderit-albionrrahmani9\/#primaryimage"},"thumbnailUrl":"https:\/\/fcballkani.com\/wp-content\/uploads\/2023\/08\/365618547_760173412782206_5406350464381618242_n.jpg","inLanguage":"en-US","potentialAction":[{"@type":"CommentAction","name":"Comment","target":["https:\/\/fcballkani.com\/faleminderit-albionrrahmani9\/#respond"]}]},{"@type":"WebPage","@id":"https:\/\/fcballkani.com\/faleminderit-albionrrahmani9\/","url":"https:\/\/fcballkani.com\/faleminderit-albionrrahmani9\/","name":"Faleminderit @albionrrahmani9 - FC BALLKANI","isPartOf":{"@id":"https:\/\/fcballkani.com\/#website"},"primaryImageOfPage":{"@id":"https:\/\/fcballkani.com\/faleminderit-albionrrahmani9\/#primaryimage"},"image":{"@id":"https:\/\/fcballkani.com\/faleminderit-albionrrahmani9\/#primaryimage"},"thumbnailUrl":"https:\/\/fcballkani.com\/wp-content\/uploads\/2023\/08\/365618547_760173412782206_5406350464381618242_n.jpg","datePublished":"2023-08-07T12:04:28+00:00","breadcrumb":{"@id":"https:\/\/fcballkani.com\/faleminderit-albionrrahmani9\/#breadcrumb"},"inLanguage":"en-US","potentialAction":[{"@type":"ReadAction","target":["https:\/\/fcballkani.com\/faleminderit-albionrrahmani9\/"]}]},{"@type":"ImageObject","inLanguage":"en-US","@id":"https:\/\/fcballkani.com\/faleminderit-albionrrahmani9\/#primaryimage","url":"https:\/\/fcballkani.com\/wp-content\/uploads\/2023\/08\/365618547_760173412782206_5406350464381618242_n.jpg","contentUrl":"https:\/\/fcballkani.com\/wp-content\/uploads\/2023\/08\/365618547_760173412782206_5406350464381618242_n.jpg","width":843,"height":843},{"@type":"BreadcrumbList","@id":"https:\/\/fcballkani.com\/faleminderit-albionrrahmani9\/#breadcrumb","itemListElement":[{"@type":"ListItem","position":1,"name":"Home","item":"https:\/\/fcballkani.com\/"},{"@type":"ListItem","position":2,"name":"Faleminderit @albionrrahmani9"}]},{"@type":"WebSite","@id":"https:\/\/fcballkani.com\/#website","url":"https:\/\/fcballkani.com\/","name":"FC BALLKANI","description":"Football Club","publisher":{"@id":"https:\/\/fcballkani.com\/#organization"},"potentialAction":[{"@type":"SearchAction","target":{"@type":"EntryPoint","urlTemplate":"https:\/\/fcballkani.com\/?s={search_term_string}"},"query-input":{"@type":"PropertyValueSpecification","valueRequired":true,"valueName":"search_term_string"}}],"inLanguage":"en-US"},{"@type":"Organization","@id":"https:\/\/fcballkani.com\/#organization","name":"FC Ballkani","url":"https:\/\/fcballkani.com\/","logo":{"@type":"ImageObject","inLanguage":"en-US","@id":"https:\/\/fcballkani.com\/#\/schema\/logo\/image\/","url":"https:\/\/fcballkani.com\/wp-content\/uploads\/2022\/07\/fc-ballkani.png","contentUrl":"https:\/\/fcballkani.com\/wp-content\/uploads\/2022\/07\/fc-ballkani.png","width":642,"height":642,"caption":"FC Ballkani"},"image":{"@id":"https:\/\/fcballkani.com\/#\/schema\/logo\/image\/"},"sameAs":["https:\/\/www.facebook.com\/fcballkani"]},{"@type":"Person","@id":"https:\/\/fcballkani.com\/#\/schema\/person\/ab46cb926beb281f25abea3d64db9474","name":"roitiv.backup","image":{"@type":"ImageObject","inLanguage":"en-US","@id":"https:\/\/secure.gravatar.com\/avatar\/514059babf979a5fc9a6dfe80d5e2070fc9983ea2040ec553a914a6dca739e13?s=96&d=mm&r=g","url":"https:\/\/secure.gravatar.com\/avatar\/514059babf979a5fc9a6dfe80d5e2070fc9983ea2040ec553a914a6dca739e13?s=96&d=mm&r=g","contentUrl":"https:\/\/secure.gravatar.com\/avatar\/514059babf979a5fc9a6dfe80d5e2070fc9983ea2040ec553a914a6dca739e13?s=96&d=mm&r=g","caption":"roitiv.backup"},"sameAs":["https:\/\/fcballkani.com"],"url":"https:\/\/fcballkani.com\/en\/author\/roitiv-backup\/"}]}},"_links":{"self":[{"href":"https:\/\/fcballkani.com\/en\/wp-json\/wp\/v2\/posts\/15229","targetHints":{"allow":["GET"]}}],"collection":[{"href":"https:\/\/fcballkani.com\/en\/wp-json\/wp\/v2\/posts"}],"about":[{"href":"https:\/\/fcballkani.com\/en\/wp-json\/wp\/v2\/types\/post"}],"author":[{"embeddable":true,"href":"https:\/\/fcballkani.com\/en\/wp-json\/wp\/v2\/users\/1"}],"replies":[{"embeddable":true,"href":"https:\/\/fcballkani.com\/en\/wp-json\/wp\/v2\/comments?post=15229"}],"version-history":[{"count":1,"href":"https:\/\/fcballkani.com\/en\/wp-json\/wp\/v2\/posts\/15229\/revisions"}],"predecessor-version":[{"id":15231,"href":"https:\/\/fcballkani.com\/en\/wp-json\/wp\/v2\/posts\/15229\/revisions\/15231"}],"wp:featuredmedia":[{"embeddable":true,"href":"https:\/\/fcballkani.com\/en\/wp-json\/wp\/v2\/media\/15230"}],"wp:attachment":[{"href":"https:\/\/fcballkani.com\/en\/wp-json\/wp\/v2\/media?parent=15229"}],"wp:term":[{"taxonomy":"category","embeddable":true,"href":"https:\/\/fcballkani.com\/en\/wp-json\/wp\/v2\/categories?post=15229"},{"taxonomy":"post_tag","embeddable":true,"href":"https:\/\/fcballkani.com\/en\/wp-json\/wp\/v2\/tags?post=15229"}],"curies":[{"name":"wp","href":"https:\/\/api.w.org\/{rel}","templated":true}]}}