{"id":15182,"date":"2023-08-07T13:56:23","date_gmt":"2023-08-07T11:56:23","guid":{"rendered":"https:\/\/fcballkani.com\/?p=15182"},"modified":"2023-08-07T13:56:23","modified_gmt":"2023-08-07T11:56:23","slug":"e-mbyllim-ndeshjen-ne-belfast-ndaj-larnes-me-rezultat-1-4","status":"publish","type":"post","link":"https:\/\/fcballkani.com\/en\/e-mbyllim-ndeshjen-ne-belfast-ndaj-larnes-me-rezultat-1-4\/","title":{"rendered":"E mbyllim ndeshjen n\u00eb Belfast ndaj Larnes, me rezultat 1-4"},"content":{"rendered":"\n<p>E mbyllim ndeshjen n\u00eb Belfast ndaj Larnes, me rezultat 1-4 <img decoding=\"async\" height=\"16\" width=\"16\" alt=\"\ud83d\udcaa\" src=\"https:\/\/static.xx.fbcdn.net\/images\/emoji.php\/v9\/tc5\/1.5\/16\/1f4aa.png\"><\/p>\n\n\n\n<p>Me rezultat t\u00eb p\u00ebrgjithsh\u00ebm prej 7-1, kualifikohemi n\u00eb rrethin e tret\u00eb kualifikues t\u00eb Konferenc\u00ebs s\u00eb Evrop\u00ebs, ku do t\u00eb ndeshemi me skuadr\u00ebn e Lincoln Red Imps nga Gjibraltari.<\/p>\n\n\n\n<p>Na prift\u00eb e mbara <img decoding=\"async\" height=\"16\" width=\"16\" alt=\"\ud83e\udde1\" src=\"https:\/\/static.xx.fbcdn.net\/images\/emoji.php\/v9\/t56\/1.5\/16\/1f9e1.png\"><img decoding=\"async\" height=\"16\" width=\"16\" alt=\"\ud83d\udda4\" src=\"https:\/\/static.xx.fbcdn.net\/images\/emoji.php\/v9\/t59\/1.5\/16\/1f5a4.png\"><\/p>\n\n\n\n<p><a href=\"https:\/\/www.facebook.com\/hashtag\/fcballkani?__eep__=6&amp;__cft__[0]=AZVdIQU0aL1ldSCxh2r9vh-gqw6ns8_WbNEDDCSn2AI1yPFQjgRbd18Z5s3G0rwgtlcg3_jknjFVRLnHkjX7rDT_0bCMzdw4d_rPSCBDZTbK6Lld9Rt2Pr9GO-ZY_K0T4kZJPGthB_3C8FCiWZYmBXeg1-tqGa4Cos6ktQxWQounZ-w5BpE4Hr4NX9D8l4IxFrk&amp;__tn__=*NK-R\">#FCBallkani<\/a><\/p>\n\n\n\n<p><a href=\"https:\/\/www.facebook.com\/hashtag\/uecl?__eep__=6&amp;__cft__[0]=AZVdIQU0aL1ldSCxh2r9vh-gqw6ns8_WbNEDDCSn2AI1yPFQjgRbd18Z5s3G0rwgtlcg3_jknjFVRLnHkjX7rDT_0bCMzdw4d_rPSCBDZTbK6Lld9Rt2Pr9GO-ZY_K0T4kZJPGthB_3C8FCiWZYmBXeg1-tqGa4Cos6ktQxWQounZ-w5BpE4Hr4NX9D8l4IxFrk&amp;__tn__=*NK-R\">#UECL<\/a><\/p>\n","protected":false},"excerpt":{"rendered":"<p>E mbyllim ndeshjen n\u00eb Belfast ndaj Larnes, me rezultat 1-4 Me rezultat t\u00eb p\u00ebrgjithsh\u00ebm prej 7-1, kualifikohemi n\u00eb rrethin e tret\u00eb kualifikues t\u00eb Konferenc\u00ebs s\u00eb Evrop\u00ebs, ku do t\u00eb ndeshemi me skuadr\u00ebn e Lincoln Red Imps nga Gjibraltari. Na prift\u00eb e mbara #FCBallkani #UECL<\/p>","protected":false},"author":1,"featured_media":15183,"comment_status":"open","ping_status":"open","sticky":false,"template":"","format":"standard","meta":{"footnotes":""},"categories":[1],"tags":[],"class_list":["post-15182","post","type-post","status-publish","format-standard","has-post-thumbnail","hentry","category-uncategorized"],"yoast_head":"<!-- This site is optimized with the Yoast SEO plugin v27.2 - https:\/\/yoast.com\/product\/yoast-seo-wordpress\/ -->\n<title>E mbyllim ndeshjen n\u00eb Belfast ndaj Larnes, me rezultat 1-4 - FC BALLKANI<\/title>\n<meta name=\"robots\" content=\"index, follow, max-snippet:-1, max-image-preview:large, max-video-preview:-1\" \/>\n<link rel=\"canonical\" href=\"https:\/\/fcballkani.com\/en\/e-mbyllim-ndeshjen-ne-belfast-ndaj-larnes-me-rezultat-1-4\/\" \/>\n<meta property=\"og:locale\" content=\"en_US\" \/>\n<meta property=\"og:type\" content=\"article\" \/>\n<meta property=\"og:title\" content=\"E mbyllim ndeshjen n\u00eb Belfast ndaj Larnes, me rezultat 1-4 - FC BALLKANI\" \/>\n<meta property=\"og:description\" content=\"E mbyllim ndeshjen n\u00eb Belfast ndaj Larnes, me rezultat 1-4 Me rezultat t\u00eb p\u00ebrgjithsh\u00ebm prej 7-1, kualifikohemi n\u00eb rrethin e tret\u00eb kualifikues t\u00eb Konferenc\u00ebs s\u00eb Evrop\u00ebs, ku do t\u00eb ndeshemi me skuadr\u00ebn e Lincoln Red Imps nga Gjibraltari. Na prift\u00eb e mbara #FCBallkani #UECL\" \/>\n<meta property=\"og:url\" content=\"https:\/\/fcballkani.com\/en\/e-mbyllim-ndeshjen-ne-belfast-ndaj-larnes-me-rezultat-1-4\/\" \/>\n<meta property=\"og:site_name\" content=\"FC BALLKANI\" \/>\n<meta property=\"article:publisher\" content=\"https:\/\/www.facebook.com\/fcballkani\" \/>\n<meta property=\"article:published_time\" content=\"2023-08-07T11:56:23+00:00\" \/>\n<meta property=\"og:image\" content=\"https:\/\/fcballkani.com\/wp-content\/uploads\/2023\/08\/365429254_758458926286988_5655516719265946043_n.jpg\" \/>\n\t<meta property=\"og:image:width\" content=\"843\" \/>\n\t<meta property=\"og:image:height\" content=\"843\" \/>\n\t<meta property=\"og:image:type\" content=\"image\/jpeg\" \/>\n<meta name=\"author\" content=\"roitiv.backup\" \/>\n<meta name=\"twitter:card\" content=\"summary_large_image\" \/>\n<meta name=\"twitter:label1\" content=\"Written by\" \/>\n\t<meta name=\"twitter:data1\" content=\"roitiv.backup\" \/>\n<script type=\"application\/ld+json\" class=\"yoast-schema-graph\">{\"@context\":\"https:\/\/schema.org\",\"@graph\":[{\"@type\":\"Article\",\"@id\":\"https:\/\/fcballkani.com\/e-mbyllim-ndeshjen-ne-belfast-ndaj-larnes-me-rezultat-1-4\/#article\",\"isPartOf\":{\"@id\":\"https:\/\/fcballkani.com\/e-mbyllim-ndeshjen-ne-belfast-ndaj-larnes-me-rezultat-1-4\/\"},\"author\":{\"name\":\"roitiv.backup\",\"@id\":\"https:\/\/fcballkani.com\/#\/schema\/person\/ab46cb926beb281f25abea3d64db9474\"},\"headline\":\"E mbyllim ndeshjen n\u00eb Belfast ndaj Larnes, me rezultat 1-4\",\"datePublished\":\"2023-08-07T11:56:23+00:00\",\"mainEntityOfPage\":{\"@id\":\"https:\/\/fcballkani.com\/e-mbyllim-ndeshjen-ne-belfast-ndaj-larnes-me-rezultat-1-4\/\"},\"wordCount\":59,\"commentCount\":0,\"publisher\":{\"@id\":\"https:\/\/fcballkani.com\/#organization\"},\"image\":{\"@id\":\"https:\/\/fcballkani.com\/e-mbyllim-ndeshjen-ne-belfast-ndaj-larnes-me-rezultat-1-4\/#primaryimage\"},\"thumbnailUrl\":\"https:\/\/fcballkani.com\/wp-content\/uploads\/2023\/08\/365429254_758458926286988_5655516719265946043_n.jpg\",\"inLanguage\":\"en-US\",\"potentialAction\":[{\"@type\":\"CommentAction\",\"name\":\"Comment\",\"target\":[\"https:\/\/fcballkani.com\/e-mbyllim-ndeshjen-ne-belfast-ndaj-larnes-me-rezultat-1-4\/#respond\"]}]},{\"@type\":\"WebPage\",\"@id\":\"https:\/\/fcballkani.com\/e-mbyllim-ndeshjen-ne-belfast-ndaj-larnes-me-rezultat-1-4\/\",\"url\":\"https:\/\/fcballkani.com\/e-mbyllim-ndeshjen-ne-belfast-ndaj-larnes-me-rezultat-1-4\/\",\"name\":\"E mbyllim ndeshjen n\u00eb Belfast ndaj Larnes, me rezultat 1-4 - FC BALLKANI\",\"isPartOf\":{\"@id\":\"https:\/\/fcballkani.com\/#website\"},\"primaryImageOfPage\":{\"@id\":\"https:\/\/fcballkani.com\/e-mbyllim-ndeshjen-ne-belfast-ndaj-larnes-me-rezultat-1-4\/#primaryimage\"},\"image\":{\"@id\":\"https:\/\/fcballkani.com\/e-mbyllim-ndeshjen-ne-belfast-ndaj-larnes-me-rezultat-1-4\/#primaryimage\"},\"thumbnailUrl\":\"https:\/\/fcballkani.com\/wp-content\/uploads\/2023\/08\/365429254_758458926286988_5655516719265946043_n.jpg\",\"datePublished\":\"2023-08-07T11:56:23+00:00\",\"breadcrumb\":{\"@id\":\"https:\/\/fcballkani.com\/e-mbyllim-ndeshjen-ne-belfast-ndaj-larnes-me-rezultat-1-4\/#breadcrumb\"},\"inLanguage\":\"en-US\",\"potentialAction\":[{\"@type\":\"ReadAction\",\"target\":[\"https:\/\/fcballkani.com\/e-mbyllim-ndeshjen-ne-belfast-ndaj-larnes-me-rezultat-1-4\/\"]}]},{\"@type\":\"ImageObject\",\"inLanguage\":\"en-US\",\"@id\":\"https:\/\/fcballkani.com\/e-mbyllim-ndeshjen-ne-belfast-ndaj-larnes-me-rezultat-1-4\/#primaryimage\",\"url\":\"https:\/\/fcballkani.com\/wp-content\/uploads\/2023\/08\/365429254_758458926286988_5655516719265946043_n.jpg\",\"contentUrl\":\"https:\/\/fcballkani.com\/wp-content\/uploads\/2023\/08\/365429254_758458926286988_5655516719265946043_n.jpg\",\"width\":843,\"height\":843},{\"@type\":\"BreadcrumbList\",\"@id\":\"https:\/\/fcballkani.com\/e-mbyllim-ndeshjen-ne-belfast-ndaj-larnes-me-rezultat-1-4\/#breadcrumb\",\"itemListElement\":[{\"@type\":\"ListItem\",\"position\":1,\"name\":\"Home\",\"item\":\"https:\/\/fcballkani.com\/\"},{\"@type\":\"ListItem\",\"position\":2,\"name\":\"E mbyllim ndeshjen n\u00eb Belfast ndaj Larnes, me rezultat 1-4\"}]},{\"@type\":\"WebSite\",\"@id\":\"https:\/\/fcballkani.com\/#website\",\"url\":\"https:\/\/fcballkani.com\/\",\"name\":\"FC BALLKANI\",\"description\":\"Football Club\",\"publisher\":{\"@id\":\"https:\/\/fcballkani.com\/#organization\"},\"potentialAction\":[{\"@type\":\"SearchAction\",\"target\":{\"@type\":\"EntryPoint\",\"urlTemplate\":\"https:\/\/fcballkani.com\/?s={search_term_string}\"},\"query-input\":{\"@type\":\"PropertyValueSpecification\",\"valueRequired\":true,\"valueName\":\"search_term_string\"}}],\"inLanguage\":\"en-US\"},{\"@type\":\"Organization\",\"@id\":\"https:\/\/fcballkani.com\/#organization\",\"name\":\"FC Ballkani\",\"url\":\"https:\/\/fcballkani.com\/\",\"logo\":{\"@type\":\"ImageObject\",\"inLanguage\":\"en-US\",\"@id\":\"https:\/\/fcballkani.com\/#\/schema\/logo\/image\/\",\"url\":\"https:\/\/fcballkani.com\/wp-content\/uploads\/2022\/07\/fc-ballkani.png\",\"contentUrl\":\"https:\/\/fcballkani.com\/wp-content\/uploads\/2022\/07\/fc-ballkani.png\",\"width\":642,\"height\":642,\"caption\":\"FC Ballkani\"},\"image\":{\"@id\":\"https:\/\/fcballkani.com\/#\/schema\/logo\/image\/\"},\"sameAs\":[\"https:\/\/www.facebook.com\/fcballkani\"]},{\"@type\":\"Person\",\"@id\":\"https:\/\/fcballkani.com\/#\/schema\/person\/ab46cb926beb281f25abea3d64db9474\",\"name\":\"roitiv.backup\",\"image\":{\"@type\":\"ImageObject\",\"inLanguage\":\"en-US\",\"@id\":\"https:\/\/secure.gravatar.com\/avatar\/514059babf979a5fc9a6dfe80d5e2070fc9983ea2040ec553a914a6dca739e13?s=96&d=mm&r=g\",\"url\":\"https:\/\/secure.gravatar.com\/avatar\/514059babf979a5fc9a6dfe80d5e2070fc9983ea2040ec553a914a6dca739e13?s=96&d=mm&r=g\",\"contentUrl\":\"https:\/\/secure.gravatar.com\/avatar\/514059babf979a5fc9a6dfe80d5e2070fc9983ea2040ec553a914a6dca739e13?s=96&d=mm&r=g\",\"caption\":\"roitiv.backup\"},\"sameAs\":[\"https:\/\/fcballkani.com\"],\"url\":\"https:\/\/fcballkani.com\/en\/author\/roitiv-backup\/\"}]}<\/script>\n<!-- \/ Yoast SEO plugin. -->","yoast_head_json":{"title":"E mbyllim ndeshjen n\u00eb Belfast ndaj Larnes, me rezultat 1-4 - FC BALLKANI","robots":{"index":"index","follow":"follow","max-snippet":"max-snippet:-1","max-image-preview":"max-image-preview:large","max-video-preview":"max-video-preview:-1"},"canonical":"https:\/\/fcballkani.com\/en\/e-mbyllim-ndeshjen-ne-belfast-ndaj-larnes-me-rezultat-1-4\/","og_locale":"en_US","og_type":"article","og_title":"E mbyllim ndeshjen n\u00eb Belfast ndaj Larnes, me rezultat 1-4 - FC BALLKANI","og_description":"E mbyllim ndeshjen n\u00eb Belfast ndaj Larnes, me rezultat 1-4 Me rezultat t\u00eb p\u00ebrgjithsh\u00ebm prej 7-1, kualifikohemi n\u00eb rrethin e tret\u00eb kualifikues t\u00eb Konferenc\u00ebs s\u00eb Evrop\u00ebs, ku do t\u00eb ndeshemi me skuadr\u00ebn e Lincoln Red Imps nga Gjibraltari. Na prift\u00eb e mbara #FCBallkani #UECL","og_url":"https:\/\/fcballkani.com\/en\/e-mbyllim-ndeshjen-ne-belfast-ndaj-larnes-me-rezultat-1-4\/","og_site_name":"FC BALLKANI","article_publisher":"https:\/\/www.facebook.com\/fcballkani","article_published_time":"2023-08-07T11:56:23+00:00","og_image":[{"width":843,"height":843,"url":"https:\/\/fcballkani.com\/wp-content\/uploads\/2023\/08\/365429254_758458926286988_5655516719265946043_n.jpg","type":"image\/jpeg"}],"author":"roitiv.backup","twitter_card":"summary_large_image","twitter_misc":{"Written by":"roitiv.backup"},"schema":{"@context":"https:\/\/schema.org","@graph":[{"@type":"Article","@id":"https:\/\/fcballkani.com\/e-mbyllim-ndeshjen-ne-belfast-ndaj-larnes-me-rezultat-1-4\/#article","isPartOf":{"@id":"https:\/\/fcballkani.com\/e-mbyllim-ndeshjen-ne-belfast-ndaj-larnes-me-rezultat-1-4\/"},"author":{"name":"roitiv.backup","@id":"https:\/\/fcballkani.com\/#\/schema\/person\/ab46cb926beb281f25abea3d64db9474"},"headline":"E mbyllim ndeshjen n\u00eb Belfast ndaj Larnes, me rezultat 1-4","datePublished":"2023-08-07T11:56:23+00:00","mainEntityOfPage":{"@id":"https:\/\/fcballkani.com\/e-mbyllim-ndeshjen-ne-belfast-ndaj-larnes-me-rezultat-1-4\/"},"wordCount":59,"commentCount":0,"publisher":{"@id":"https:\/\/fcballkani.com\/#organization"},"image":{"@id":"https:\/\/fcballkani.com\/e-mbyllim-ndeshjen-ne-belfast-ndaj-larnes-me-rezultat-1-4\/#primaryimage"},"thumbnailUrl":"https:\/\/fcballkani.com\/wp-content\/uploads\/2023\/08\/365429254_758458926286988_5655516719265946043_n.jpg","inLanguage":"en-US","potentialAction":[{"@type":"CommentAction","name":"Comment","target":["https:\/\/fcballkani.com\/e-mbyllim-ndeshjen-ne-belfast-ndaj-larnes-me-rezultat-1-4\/#respond"]}]},{"@type":"WebPage","@id":"https:\/\/fcballkani.com\/e-mbyllim-ndeshjen-ne-belfast-ndaj-larnes-me-rezultat-1-4\/","url":"https:\/\/fcballkani.com\/e-mbyllim-ndeshjen-ne-belfast-ndaj-larnes-me-rezultat-1-4\/","name":"E mbyllim ndeshjen n\u00eb Belfast ndaj Larnes, me rezultat 1-4 - FC BALLKANI","isPartOf":{"@id":"https:\/\/fcballkani.com\/#website"},"primaryImageOfPage":{"@id":"https:\/\/fcballkani.com\/e-mbyllim-ndeshjen-ne-belfast-ndaj-larnes-me-rezultat-1-4\/#primaryimage"},"image":{"@id":"https:\/\/fcballkani.com\/e-mbyllim-ndeshjen-ne-belfast-ndaj-larnes-me-rezultat-1-4\/#primaryimage"},"thumbnailUrl":"https:\/\/fcballkani.com\/wp-content\/uploads\/2023\/08\/365429254_758458926286988_5655516719265946043_n.jpg","datePublished":"2023-08-07T11:56:23+00:00","breadcrumb":{"@id":"https:\/\/fcballkani.com\/e-mbyllim-ndeshjen-ne-belfast-ndaj-larnes-me-rezultat-1-4\/#breadcrumb"},"inLanguage":"en-US","potentialAction":[{"@type":"ReadAction","target":["https:\/\/fcballkani.com\/e-mbyllim-ndeshjen-ne-belfast-ndaj-larnes-me-rezultat-1-4\/"]}]},{"@type":"ImageObject","inLanguage":"en-US","@id":"https:\/\/fcballkani.com\/e-mbyllim-ndeshjen-ne-belfast-ndaj-larnes-me-rezultat-1-4\/#primaryimage","url":"https:\/\/fcballkani.com\/wp-content\/uploads\/2023\/08\/365429254_758458926286988_5655516719265946043_n.jpg","contentUrl":"https:\/\/fcballkani.com\/wp-content\/uploads\/2023\/08\/365429254_758458926286988_5655516719265946043_n.jpg","width":843,"height":843},{"@type":"BreadcrumbList","@id":"https:\/\/fcballkani.com\/e-mbyllim-ndeshjen-ne-belfast-ndaj-larnes-me-rezultat-1-4\/#breadcrumb","itemListElement":[{"@type":"ListItem","position":1,"name":"Home","item":"https:\/\/fcballkani.com\/"},{"@type":"ListItem","position":2,"name":"E mbyllim ndeshjen n\u00eb Belfast ndaj Larnes, me rezultat 1-4"}]},{"@type":"WebSite","@id":"https:\/\/fcballkani.com\/#website","url":"https:\/\/fcballkani.com\/","name":"FC BALLKANI","description":"Football Club","publisher":{"@id":"https:\/\/fcballkani.com\/#organization"},"potentialAction":[{"@type":"SearchAction","target":{"@type":"EntryPoint","urlTemplate":"https:\/\/fcballkani.com\/?s={search_term_string}"},"query-input":{"@type":"PropertyValueSpecification","valueRequired":true,"valueName":"search_term_string"}}],"inLanguage":"en-US"},{"@type":"Organization","@id":"https:\/\/fcballkani.com\/#organization","name":"FC Ballkani","url":"https:\/\/fcballkani.com\/","logo":{"@type":"ImageObject","inLanguage":"en-US","@id":"https:\/\/fcballkani.com\/#\/schema\/logo\/image\/","url":"https:\/\/fcballkani.com\/wp-content\/uploads\/2022\/07\/fc-ballkani.png","contentUrl":"https:\/\/fcballkani.com\/wp-content\/uploads\/2022\/07\/fc-ballkani.png","width":642,"height":642,"caption":"FC Ballkani"},"image":{"@id":"https:\/\/fcballkani.com\/#\/schema\/logo\/image\/"},"sameAs":["https:\/\/www.facebook.com\/fcballkani"]},{"@type":"Person","@id":"https:\/\/fcballkani.com\/#\/schema\/person\/ab46cb926beb281f25abea3d64db9474","name":"roitiv.backup","image":{"@type":"ImageObject","inLanguage":"en-US","@id":"https:\/\/secure.gravatar.com\/avatar\/514059babf979a5fc9a6dfe80d5e2070fc9983ea2040ec553a914a6dca739e13?s=96&d=mm&r=g","url":"https:\/\/secure.gravatar.com\/avatar\/514059babf979a5fc9a6dfe80d5e2070fc9983ea2040ec553a914a6dca739e13?s=96&d=mm&r=g","contentUrl":"https:\/\/secure.gravatar.com\/avatar\/514059babf979a5fc9a6dfe80d5e2070fc9983ea2040ec553a914a6dca739e13?s=96&d=mm&r=g","caption":"roitiv.backup"},"sameAs":["https:\/\/fcballkani.com"],"url":"https:\/\/fcballkani.com\/en\/author\/roitiv-backup\/"}]}},"_links":{"self":[{"href":"https:\/\/fcballkani.com\/en\/wp-json\/wp\/v2\/posts\/15182","targetHints":{"allow":["GET"]}}],"collection":[{"href":"https:\/\/fcballkani.com\/en\/wp-json\/wp\/v2\/posts"}],"about":[{"href":"https:\/\/fcballkani.com\/en\/wp-json\/wp\/v2\/types\/post"}],"author":[{"embeddable":true,"href":"https:\/\/fcballkani.com\/en\/wp-json\/wp\/v2\/users\/1"}],"replies":[{"embeddable":true,"href":"https:\/\/fcballkani.com\/en\/wp-json\/wp\/v2\/comments?post=15182"}],"version-history":[{"count":1,"href":"https:\/\/fcballkani.com\/en\/wp-json\/wp\/v2\/posts\/15182\/revisions"}],"predecessor-version":[{"id":15184,"href":"https:\/\/fcballkani.com\/en\/wp-json\/wp\/v2\/posts\/15182\/revisions\/15184"}],"wp:featuredmedia":[{"embeddable":true,"href":"https:\/\/fcballkani.com\/en\/wp-json\/wp\/v2\/media\/15183"}],"wp:attachment":[{"href":"https:\/\/fcballkani.com\/en\/wp-json\/wp\/v2\/media?parent=15182"}],"wp:term":[{"taxonomy":"category","embeddable":true,"href":"https:\/\/fcballkani.com\/en\/wp-json\/wp\/v2\/categories?post=15182"},{"taxonomy":"post_tag","embeddable":true,"href":"https:\/\/fcballkani.com\/en\/wp-json\/wp\/v2\/tags?post=15182"}],"curies":[{"name":"wp","href":"https:\/\/api.w.org\/{rel}","templated":true}]}}